{"id":4885,"date":"2026-02-02T19:32:11","date_gmt":"2026-02-02T18:32:11","guid":{"rendered":"https:\/\/treenertrib.nl\/?p=4885"},"modified":"2026-02-05T19:10:03","modified_gmt":"2026-02-05T18:10:03","slug":"wk-vooruitblik-oranje-2026-oud-eemboys-spelers-roy-van-den-meiracker-michael-van-der-meer","status":"publish","type":"post","link":"https:\/\/treenertrib.nl\/?p=4885","title":{"rendered":"Tafelgesprek Roy van den Meiracker &amp; Michael van der Meer over het WK2026!"},"content":{"rendered":"\n<p>Roy van den Meiracker en Michael van der Meer heb ik een aantal jaren mogen trainen bij voetbalvereniging Eemboys. Een schitterende tijd met twee gasten waar je altijd op kon bouwen. Extra mooi is dat mijn oudste zoon Wesley in die periode ook bij Eemboys begon te spelen, waarna er tussen deze drie een vriendschap ontstond die nog altijd stevig staat. Samen op wintersport, avondjes uit met de meiden, een potje padel: het contact is gebleven.<\/p>\n\n\n\n<p>Roy is nog altijd actief als voetballer bij TOV 3, terwijl Michael inmiddels het trainingsvak heeft opgepakt en zijn zoon Mees traint bij Baarn. Hoog tijd om deze twee voetbaldenkers samen aan tafel te zetten voor hun vooruitblik op het WK 2026.<\/p>\n\n\n\n<hr class=\"wp-block-separator has-alpha-channel-opacity\"\/>\n\n\n\n<h6 class=\"wp-block-heading\">Waar kijken we?<\/h6>\n\n\n\n<p>Het WK beleven ze allebei het liefst in goed gezelschap. Roy begint de groepsfase gewoon thuis, al staat er \u00e9\u00e9n wedstrijd gepland tijdens een teamweekend. \u201cDat wordt sowieso een gezellige avond,\u201d lacht hij. Daarna verplaatst hij zich graag richting kroeg of vrienden.<br>Michael kiest voor een combinatie: \u201cLekker op de bank, maar ook zeker de kroeg in. Dat blijft toch het mooist bij grote wedstrijden.\u201d<\/p>\n\n\n\n<hr class=\"wp-block-separator has-alpha-channel-opacity\"\/>\n\n\n\n<h6 class=\"wp-block-heading\">Vertrouwen in Oranje<\/h6>\n\n\n\n<p>Het vertrouwen in Oranje is voorzichtig positief. Roy geeft het elftal een <strong>6<\/strong>. \u201cOp papier staat er een prima team, maar in de praktijk valt het me vaak tegen.\u201d<br>Michael is iets optimistischer met een <strong>7<\/strong>: \u201cWe hebben een goed elftal, al zijn er landen die simpelweg sterker zijn.\u201d<\/p>\n\n\n\n<hr class=\"wp-block-separator has-alpha-channel-opacity\"\/>\n\n\n\n<h6 class=\"wp-block-heading\">Systeem en speelstijl<\/h6>\n\n\n\n<p>Roy is duidelijk: voor hem past <strong>5-3-2<\/strong> het best bij dit Oranje. \u201cMet goed opkomende backs en drie centrale verdedigers. Bovendien vind ik de spitspositie kwetsbaar, ondanks de goals van Depay.\u201d<\/p>\n\n\n\n<p>Michael denkt flexibeler. Zijn voorkeur gaat uit naar <strong>4-3-3<\/strong>, omdat Nederlandse spelers daarin zijn opgeleid. Maar tegen sterke tegenstanders vindt hij aanpassen logisch. \u201cDan is 5-3-2 met aanvallende backs een prima alternatief.\u201d<\/p>\n\n\n\n<p>Waar Roy vooral gelooft in vasthouden aan \u00e9\u00e9n systeem en het laten aanpassen van de tegenstander, ziet Michael juist de kracht in balans: \u201cUitgaan van eigen kracht, maar wel realistisch blijven.\u201d<\/p>\n\n\n\n<hr class=\"wp-block-separator has-alpha-channel-opacity\"\/>\n\n\n\n<h6 class=\"wp-block-heading\">De basiself<\/h6>\n\n\n\n<p>Beide heren komen met stevige elftallen, met opvallend veel overeenkomsten.<\/p>\n\n\n\n<p><strong>Roy\u2019s basiself:<\/strong><br>Roefs \u2013 Van de Ven, Van Hecke, Van Dijk, Timber, Frimpong \u2013 Frenkie de Jong, Reijnders, Gravenberch \u2013 Gakpo, Depay.<\/p>\n\n\n\n<p><strong>Michael\u2019s basiself:<\/strong><br>Verbruggen \u2013 Dumfries, Timber, Van Dijk, Van de Ven \u2013 Frenkie de Jong, Gravenberch, Reijnders \u2013 Gakpo, Depay, Malen.<\/p>\n\n\n\n<p>De kern is duidelijk: centraal moet het staan als een huis.<\/p>\n\n\n\n<hr class=\"wp-block-separator has-alpha-channel-opacity\"\/>\n\n\n\n<h6 class=\"wp-block-heading\">Onmisbare spelers &amp; outsiders<\/h6>\n\n\n\n<p>Voor beiden is <strong>Frenkie de Jong<\/strong> d\u00e9 sleutelspeler. Roy noemt daarnaast <strong>Virgil van Dijk<\/strong>, ondanks diens wisselvallige seizoen. Michael ziet in Van Dijk vooral de leider.<\/p>\n\n\n\n<p>Als verrassende naam komt bij Roy <strong>Crysencio Summerville<\/strong> naar voren. \u201cWe missen snelheid voorin, hij kan dat brengen.\u201d<br>Michael kiest voor een ouderwetse pinchhitter: <strong>Wout Weghorst<\/strong>. \u201cZoals tegen Argentini\u00eb in 2022: iemand die iets kan forceren.\u201d<\/p>\n\n\n\n<hr class=\"wp-block-separator has-alpha-channel-opacity\"\/>\n\n\n\n<h6 class=\"wp-block-heading\">Selectiecriteria<\/h6>\n\n\n\n<p>Roy hecht vooral waarde aan <strong>vorm en ervaring<\/strong>, terwijl Michael juist kiest voor een <strong>mix van alles<\/strong>: vorm, talent, mentaliteit en ervaring.<\/p>\n\n\n\n<p>Over de speler die puur op prestaties mee moet: Roy wijst <strong>Tijjani Reijnders<\/strong> aan. Michael verrast met <strong>Valente<\/strong>. \u201cNiet als basisspeler, maar wel om mee te nemen. Een heerlijke voetballer.\u201d<\/p>\n\n\n\n<hr class=\"wp-block-separator has-alpha-channel-opacity\"\/>\n\n\n\n<h6 class=\"wp-block-heading\">Poule &amp; toernooiverloop<\/h6>\n\n\n\n<p>De poule zien ze beiden als <strong>te doen<\/strong>. Roy noemt hem zelfs makkelijk: \u201cWord je hier geen eerste, dan heb je niets te zoeken op een WK.\u201d Michael ziet Nederland als duidelijke favoriet.<\/p>\n\n\n\n<p>De lastigste tegenstander?<br>Roy denkt aan de winnaar van de play-offs, vanwege hun flow.<br>Michael wijst <strong>Japan<\/strong> aan: \u201cSterk collectief.\u201d<\/p>\n\n\n\n<p>Voor een verrassing noemen ze <strong>Cura\u00e7ao<\/strong> (Roy) en <strong>Noorwegen<\/strong> (Michael).<\/p>\n\n\n\n<p>Hoe ver komt Oranje?<br>Roy ziet een <strong>halve finale<\/strong> zitten, Michael blijft realistischer met een <strong>kwartfinale<\/strong>.<\/p>\n\n\n\n<hr class=\"wp-block-separator has-alpha-channel-opacity\"\/>\n\n\n\n<h6 class=\"wp-block-heading\">Koeman en de toekomst<\/h6>\n\n\n\n<p>Over \u00e9\u00e9n ding zijn ze het volledig eens: <strong>na dit WK moet het anders.<\/strong><\/p>\n\n\n\n<p>Roy zou dromen van <strong>Pep Guardiola<\/strong>. \u201cZijn tijd bij City lijkt voorbij en hij kan dit elftal naar een hoger plan tillen.\u201d<br>Michael ziet meer in <strong>Peter Bosz<\/strong>: \u201cTypisch Nederlandse, aanvallende visie. Tijd voor vernieuwing.\u201d<\/p>\n\n\n\n<p>De ideale bondscoach moet volgens beiden tactisch sterk zijn, duidelijk communiceren en wedstrijden kunnen lezen \u00e9n bijsturen.<\/p>\n\n\n\n<hr class=\"wp-block-separator has-alpha-channel-opacity\"\/>\n\n\n\n<h6 class=\"wp-block-heading\">Oranje-gevoel<\/h6>\n\n\n\n<p>Het moment dat bij beiden nog altijd kippenvel bezorgt? Zonder twijfel: <strong>de twee goals van Weghorst tegen Argentini\u00eb in 2022<\/strong>. Roy noemt daarnaast ook de legendarische overwinning op Brazili\u00eb in 2010.<\/p>\n\n\n\n<p>Wie maakt \u00e9cht het verschil? Weer komt de naam <strong>Frenkie de Jong<\/strong> boven drijven. \u201cMaar dan wel in topvorm,\u201d benadrukken ze.<\/p>\n\n\n\n<hr class=\"wp-block-separator has-alpha-channel-opacity\"\/>\n\n\n\n<h6 class=\"wp-block-heading\">Laatste woorden &amp; rituelen<\/h6>\n\n\n\n<p>In de kleedkamer hoeft volgens beiden niet te veel gezegd te worden. Genieten, vertrouwen uitstralen en doen wat je kunt.<\/p>\n\n\n\n<p>Een vaste traditie? Roy is nuchter: \u201cAlleen als je \u00e9cht iets wint. Dan pas een boottocht door Amsterdam.\u201d<br>Michael houdt het simpel: geen vaste rituelen, gewoon voetbal.<\/p>\n\n\n\n<hr class=\"wp-block-separator has-alpha-channel-opacity\"\/>\n\n\n\n<p><strong>Conclusie:<\/strong> Twee oud-leerlingen, twee duidelijke visies, maar \u00e9\u00e9n gezamenlijke hoop: dat Oranje eindelijk weer eens \u00e9cht meedoet om de prijzen. Met Frenkie als spil, een solide defensie en een vleugje lef kan het zomaar eens een mooi WK worden.<\/p>\n\n\n\n<p>Bedankt mannen!<\/p>\n\n\n\n<p>Rib<\/p>\n","protected":false},"excerpt":{"rendered":"<p>Roy van den Meiracker en Michael van der Meer heb ik een aantal jaren mogen trainen bij voetbalvereniging Eemboys. Een schitterende tijd met twee gasten waar je altijd op kon&hellip;<\/p>\n","protected":false},"author":3,"featured_media":0,"comment_status":"closed","ping_status":"closed","sticky":false,"template":"","format":"standard","meta":{"_uf_show_specific_survey":0,"_uf_disable_surveys":false,"footnotes":""},"categories":[29],"tags":[],"class_list":["post-4885","post","type-post","status-publish","format-standard","hentry","category-wk-2026"],"yoast_head":"<!-- This site is optimized with the Yoast SEO plugin v22.6 - https:\/\/yoast.com\/wordpress\/plugins\/seo\/ -->\n<title>Tafelgesprek Roy van den Meiracker &amp; Michael van der Meer over het WK2026! - TreenertRib.nl<\/title>\n<meta name=\"robots\" content=\"index, follow, max-snippet:-1, max-image-preview:large, max-video-preview:-1\" \/>\n<link rel=\"canonical\" href=\"https:\/\/treenertrib.nl\/?p=4885\" \/>\n<meta property=\"og:locale\" content=\"nl_NL\" \/>\n<meta property=\"og:type\" content=\"article\" \/>\n<meta property=\"og:title\" content=\"Tafelgesprek Roy van den Meiracker &amp; Michael van der Meer over het WK2026! - TreenertRib.nl\" \/>\n<meta property=\"og:description\" content=\"Roy van den Meiracker en Michael van der Meer heb ik een aantal jaren mogen trainen bij voetbalvereniging Eemboys. Een schitterende tijd met twee gasten waar je altijd op kon&hellip;\" \/>\n<meta property=\"og:url\" content=\"https:\/\/treenertrib.nl\/?p=4885\" \/>\n<meta property=\"og:site_name\" content=\"TreenertRib.nl\" \/>\n<meta property=\"article:published_time\" content=\"2026-02-02T18:32:11+00:00\" \/>\n<meta property=\"article:modified_time\" content=\"2026-02-05T18:10:03+00:00\" \/>\n<meta property=\"og:image\" content=\"https:\/\/treenertrib.nl\/wp-content\/uploads\/2026\/01\/WK-logo.jpg\" \/>\n\t<meta property=\"og:image:width\" content=\"351\" \/>\n\t<meta property=\"og:image:height\" content=\"391\" \/>\n\t<meta property=\"og:image:type\" content=\"image\/jpeg\" \/>\n<meta name=\"author\" content=\"Rib\" \/>\n<meta name=\"twitter:card\" content=\"summary_large_image\" \/>\n<meta name=\"twitter:label1\" content=\"Geschreven door\" \/>\n\t<meta name=\"twitter:data1\" content=\"Rib\" \/>\n\t<meta name=\"twitter:label2\" content=\"Geschatte leestijd\" \/>\n\t<meta name=\"twitter:data2\" content=\"5 minuten\" \/>\n<script type=\"application\/ld+json\" class=\"yoast-schema-graph\">{\"@context\":\"https:\/\/schema.org\",\"@graph\":[{\"@type\":\"WebPage\",\"@id\":\"https:\/\/treenertrib.nl\/?p=4885\",\"url\":\"https:\/\/treenertrib.nl\/?p=4885\",\"name\":\"Tafelgesprek Roy van den Meiracker &amp; Michael van der Meer over het WK2026! - TreenertRib.nl\",\"isPartOf\":{\"@id\":\"https:\/\/treenertrib.nl\/#website\"},\"datePublished\":\"2026-02-02T18:32:11+00:00\",\"dateModified\":\"2026-02-05T18:10:03+00:00\",\"author\":{\"@id\":\"https:\/\/treenertrib.nl\/#\/schema\/person\/f9168bf3463ad42b3550a10ffc29457a\"},\"breadcrumb\":{\"@id\":\"https:\/\/treenertrib.nl\/?p=4885#breadcrumb\"},\"inLanguage\":\"nl-NL\",\"potentialAction\":[{\"@type\":\"ReadAction\",\"target\":[\"https:\/\/treenertrib.nl\/?p=4885\"]}]},{\"@type\":\"BreadcrumbList\",\"@id\":\"https:\/\/treenertrib.nl\/?p=4885#breadcrumb\",\"itemListElement\":[{\"@type\":\"ListItem\",\"position\":1,\"name\":\"Home\",\"item\":\"https:\/\/treenertrib.nl\/\"},{\"@type\":\"ListItem\",\"position\":2,\"name\":\"Tafelgesprek Roy van den Meiracker &amp; Michael van der Meer over het WK2026!\"}]},{\"@type\":\"WebSite\",\"@id\":\"https:\/\/treenertrib.nl\/#website\",\"url\":\"https:\/\/treenertrib.nl\/\",\"name\":\"TreenertRib.nl\",\"description\":\"&quot;Waar verhalen blijven hangen&quot;\",\"potentialAction\":[{\"@type\":\"SearchAction\",\"target\":{\"@type\":\"EntryPoint\",\"urlTemplate\":\"https:\/\/treenertrib.nl\/?s={search_term_string}\"},\"query-input\":\"required name=search_term_string\"}],\"inLanguage\":\"nl-NL\"},{\"@type\":\"Person\",\"@id\":\"https:\/\/treenertrib.nl\/#\/schema\/person\/f9168bf3463ad42b3550a10ffc29457a\",\"name\":\"Rib\",\"image\":{\"@type\":\"ImageObject\",\"inLanguage\":\"nl-NL\",\"@id\":\"https:\/\/treenertrib.nl\/#\/schema\/person\/image\/\",\"url\":\"https:\/\/secure.gravatar.com\/avatar\/b46aca561f0fbc213085d875e83d184000742424355efb0065416c4f73700403?s=96&d=mm&r=g\",\"contentUrl\":\"https:\/\/secure.gravatar.com\/avatar\/b46aca561f0fbc213085d875e83d184000742424355efb0065416c4f73700403?s=96&d=mm&r=g\",\"caption\":\"Rib\"},\"sameAs\":[\"http:\/\/TreenertRib.nl\"],\"url\":\"https:\/\/treenertrib.nl\/?author=3\"}]}<\/script>\n<!-- \/ Yoast SEO plugin. -->","yoast_head_json":{"title":"Tafelgesprek Roy van den Meiracker &amp; Michael van der Meer over het WK2026! - TreenertRib.nl","robots":{"index":"index","follow":"follow","max-snippet":"max-snippet:-1","max-image-preview":"max-image-preview:large","max-video-preview":"max-video-preview:-1"},"canonical":"https:\/\/treenertrib.nl\/?p=4885","og_locale":"nl_NL","og_type":"article","og_title":"Tafelgesprek Roy van den Meiracker &amp; Michael van der Meer over het WK2026! - TreenertRib.nl","og_description":"Roy van den Meiracker en Michael van der Meer heb ik een aantal jaren mogen trainen bij voetbalvereniging Eemboys. Een schitterende tijd met twee gasten waar je altijd op kon&hellip;","og_url":"https:\/\/treenertrib.nl\/?p=4885","og_site_name":"TreenertRib.nl","article_published_time":"2026-02-02T18:32:11+00:00","article_modified_time":"2026-02-05T18:10:03+00:00","og_image":[{"width":351,"height":391,"url":"https:\/\/treenertrib.nl\/wp-content\/uploads\/2026\/01\/WK-logo.jpg","type":"image\/jpeg"}],"author":"Rib","twitter_card":"summary_large_image","twitter_misc":{"Geschreven door":"Rib","Geschatte leestijd":"5 minuten"},"schema":{"@context":"https:\/\/schema.org","@graph":[{"@type":"WebPage","@id":"https:\/\/treenertrib.nl\/?p=4885","url":"https:\/\/treenertrib.nl\/?p=4885","name":"Tafelgesprek Roy van den Meiracker &amp; Michael van der Meer over het WK2026! - TreenertRib.nl","isPartOf":{"@id":"https:\/\/treenertrib.nl\/#website"},"datePublished":"2026-02-02T18:32:11+00:00","dateModified":"2026-02-05T18:10:03+00:00","author":{"@id":"https:\/\/treenertrib.nl\/#\/schema\/person\/f9168bf3463ad42b3550a10ffc29457a"},"breadcrumb":{"@id":"https:\/\/treenertrib.nl\/?p=4885#breadcrumb"},"inLanguage":"nl-NL","potentialAction":[{"@type":"ReadAction","target":["https:\/\/treenertrib.nl\/?p=4885"]}]},{"@type":"BreadcrumbList","@id":"https:\/\/treenertrib.nl\/?p=4885#breadcrumb","itemListElement":[{"@type":"ListItem","position":1,"name":"Home","item":"https:\/\/treenertrib.nl\/"},{"@type":"ListItem","position":2,"name":"Tafelgesprek Roy van den Meiracker &amp; Michael van der Meer over het WK2026!"}]},{"@type":"WebSite","@id":"https:\/\/treenertrib.nl\/#website","url":"https:\/\/treenertrib.nl\/","name":"TreenertRib.nl","description":"&quot;Waar verhalen blijven hangen&quot;","potentialAction":[{"@type":"SearchAction","target":{"@type":"EntryPoint","urlTemplate":"https:\/\/treenertrib.nl\/?s={search_term_string}"},"query-input":"required name=search_term_string"}],"inLanguage":"nl-NL"},{"@type":"Person","@id":"https:\/\/treenertrib.nl\/#\/schema\/person\/f9168bf3463ad42b3550a10ffc29457a","name":"Rib","image":{"@type":"ImageObject","inLanguage":"nl-NL","@id":"https:\/\/treenertrib.nl\/#\/schema\/person\/image\/","url":"https:\/\/secure.gravatar.com\/avatar\/b46aca561f0fbc213085d875e83d184000742424355efb0065416c4f73700403?s=96&d=mm&r=g","contentUrl":"https:\/\/secure.gravatar.com\/avatar\/b46aca561f0fbc213085d875e83d184000742424355efb0065416c4f73700403?s=96&d=mm&r=g","caption":"Rib"},"sameAs":["http:\/\/TreenertRib.nl"],"url":"https:\/\/treenertrib.nl\/?author=3"}]}},"_links":{"self":[{"href":"https:\/\/treenertrib.nl\/index.php?rest_route=\/wp\/v2\/posts\/4885","targetHints":{"allow":["GET"]}}],"collection":[{"href":"https:\/\/treenertrib.nl\/index.php?rest_route=\/wp\/v2\/posts"}],"about":[{"href":"https:\/\/treenertrib.nl\/index.php?rest_route=\/wp\/v2\/types\/post"}],"author":[{"embeddable":true,"href":"https:\/\/treenertrib.nl\/index.php?rest_route=\/wp\/v2\/users\/3"}],"replies":[{"embeddable":true,"href":"https:\/\/treenertrib.nl\/index.php?rest_route=%2Fwp%2Fv2%2Fcomments&post=4885"}],"version-history":[{"count":3,"href":"https:\/\/treenertrib.nl\/index.php?rest_route=\/wp\/v2\/posts\/4885\/revisions"}],"predecessor-version":[{"id":4889,"href":"https:\/\/treenertrib.nl\/index.php?rest_route=\/wp\/v2\/posts\/4885\/revisions\/4889"}],"wp:attachment":[{"href":"https:\/\/treenertrib.nl\/index.php?rest_route=%2Fwp%2Fv2%2Fmedia&parent=4885"}],"wp:term":[{"taxonomy":"category","embeddable":true,"href":"https:\/\/treenertrib.nl\/index.php?rest_route=%2Fwp%2Fv2%2Fcategories&post=4885"},{"taxonomy":"post_tag","embeddable":true,"href":"https:\/\/treenertrib.nl\/index.php?rest_route=%2Fwp%2Fv2%2Ftags&post=4885"}],"curies":[{"name":"wp","href":"https:\/\/api.w.org\/{rel}","templated":true}]}}